{"id":13914,"date":"2021-02-16T15:17:42","date_gmt":"2021-02-16T20:17:42","guid":{"rendered":"https:\/\/pluscomply.com\/?p=13914"},"modified":"2021-02-16T16:20:26","modified_gmt":"2021-02-16T21:20:26","slug":"estados-unidos-revoca-sancion-contra-grupo-terrorista","status":"publish","type":"post","link":"https:\/\/pluscomply.com\/?p=13914","title":{"rendered":"Estados Unidos Revoca Sanci\u00f3n Contra Grupo Terrorista por Razones Humanitarias"},"content":{"rendered":"\n<p>En un at\u00edpico movimiento, el gobierno de Estados Unidos revoc\u00f3 el 16 de febrero de 2021 la designaci\u00f3n del grupo yemen\u00ed Ansarallah, que hab\u00eda sido catalogado como Organizaci\u00f3n Terrorista Internacional solo 28 d\u00edas antes.<\/p>\n\n\n\n<p><em>\u201cEsta decisi\u00f3n es un reconocimiento de la terrible situaci\u00f3n humanitaria en Yemen. Hemos escuchado las advertencias de las Naciones Unidas, grupos humanitarios y miembros bipartidistas del Congreso, entre otros, de que las designaciones podr\u00edan tener un impacto devastador en el acceso de los yemen\u00edes a productos b\u00e1sicos como alimentos y combustible\u201d,<\/em> explic\u00f3 Antony J. Blinken, Secretario de Estado de EE.UU.<\/p>\n\n\n\n<p>El pasado 02 de febrero, la Organizaci\u00f3n de las Naciones Unidas (ONU) hab\u00eda emitido un <a href=\"https:\/\/news.un.org\/en\/story\/2021\/02\/1083602\" target=\"_blank\" rel=\"noreferrer noopener\">comunicado<\/a> expresando su preocupaci\u00f3n porque las licencias -permisos emitidos por EE.UU a ciertas operaciones relacionadas a una entidad, jurisdicci\u00f3n o individuo sancionado- no eran suficientes, debido al <em>\u201cimpacto humanitario adverso que tendr\u00edan las designaciones en el pueblo yemen\u00ed, especialmente en un momento en que la amenaza de hambruna est\u00e1 aumentando\u201d.<\/em><\/p>\n\n\n\n<p>De igual forma, miembros de la ONU expresaron su preocupaci\u00f3n por el sistema financiero y otros actores, al indicar que <em>\u201cLas licencias, tal como est\u00e1n formuladas actualmente, no abordan la incertidumbre subyacente en torno a las transacciones comerciales con Yemen, incluidos los riesgos potenciales de responsabilidad penal para muchas partes interesadas, como bancos y proveedores\u201d<\/em>.<\/p>\n\n\n\n<p>A pesar de la revocaci\u00f3n de la sanci\u00f3n, <a href=\"https:\/\/www.state.gov\/revocation-of-the-terrorist-designations-of-ansarallah\/\" target=\"_blank\" rel=\"noreferrer noopener\">Estados Unidos advirti\u00f3<\/a> que se mantiene atento de <em>\u201clas acciones malignas y la agresi\u00f3n de Ansarallah, incluida la toma de control de grandes \u00e1reas de Yemen por la fuerza, el ataque a socios estadounidenses en el Golfo, el secuestro y tortura de ciudadanos de Estados Unidos y muchos de nuestros aliados, desviando la ayuda humanitaria y reprimiendo brutalmente a los yemen\u00edes en las zonas que controlan\u201d<\/em>.<\/p>\n\n\n\n<p>La medida contempla solo la remoci\u00f3n de la lista negra del grupo terrorista. Sin embargo, los l\u00edderes de Ansarallah (Abdul Malik al-Houthi, Abd al-Khaliq Badr al-Din al-Houthi y Abdullah Yahya al-Hakim) siguen sancionados actos que amenazan la paz, la seguridad o la estabilidad de Yemen. <em>\u201cContinuaremos monitoreando de cerca las actividades de Ansarallah y sus l\u00edderes, y estamos identificando activamente objetivos adicionales para la designaci\u00f3n\u201d<\/em>, indic\u00f3 el canciller estadounidense.<\/p>\n","protected":false},"excerpt":{"rendered":"<p>En un at\u00edpico movimiento, el gobierno de Estados Unidos removi\u00f3 el 16 de febrero de 2021 la designaci\u00f3n del grupo yemin\u00ed Ansarallah, que hab\u00eda sido catalogado como Organizaci\u00f3n Terrorista Internacional solo 28 d\u00edas antes.<\/p>\n","protected":false},"author":860,"featured_media":13915,"comment_status":"closed","ping_status":"open","sticky":false,"template":"","format":"standard","meta":{"_et_pb_use_builder":"off","_et_pb_old_content":"<!-- wp:paragraph -->\n<p>En un at\u00edpico movimiento, el gobierno de Estados Unidos revoc\u00f3 el 16 de febrero de 2021 la designaci\u00f3n del grupo yemin\u00ed Ansarallah, que hab\u00eda sido catalogado como Organizaci\u00f3n Terrorista Internacional solo 28 d\u00edas antes.<\/p>\n<!-- \/wp:paragraph -->\n\n<!-- wp:paragraph -->\n<p><em>\u201cEsta decisi\u00f3n es un reconocimiento de la terrible situaci\u00f3n humanitaria en Yemen. Hemos escuchado las advertencias de las Naciones Unidas, grupos humanitarios y miembros bipartidistas del Congreso, entre otros, de que las designaciones podr\u00edan tener un impacto devastador en el acceso de los yemen\u00edes a productos b\u00e1sicos como alimentos y combustible\u201d,<\/em> explic\u00f3 Antony J. Blinken, Secretario de Estado de EE.UU.<\/p>\n<!-- \/wp:paragraph -->\n\n<!-- wp:paragraph -->\n<p>El pasado 02 de febrero, la Organizaci\u00f3n de las Naciones Unidas (ONU) hab\u00eda emitido un <a href=\"https:\/\/news.un.org\/en\/story\/2021\/02\/1083602\" target=\"_blank\" rel=\"noreferrer noopener\">comunicado<\/a> expresando su preocupaci\u00f3n porque las licencias -permisos emitidos por EE.UU a ciertas operaciones relacionadas a una entidad, jurisdicci\u00f3n o individuo sancionado- no eran suficientes, debido al <em>\u201cimpacto humanitario adverso que tendr\u00edan las designaciones en el pueblo yemen\u00ed, especialmente en un momento en que la amenaza de hambruna est\u00e1 aumentando\u201d.<\/em><\/p>\n<!-- \/wp:paragraph -->\n\n<!-- wp:paragraph -->\n<p>De igual forma, miembros de la ONU expresaron su preocupaci\u00f3n por el sistema financiero y otros actores, al indicar que <em>\u201cLas licencias, tal como est\u00e1n formuladas actualmente, no abordan la incertidumbre subyacente en torno a las transacciones comerciales con Yemen, incluidos los riesgos potenciales de responsabilidad penal para muchas partes interesadas, como bancos y proveedores\u201d<\/em>.<\/p>\n<!-- \/wp:paragraph -->\n\n<!-- wp:paragraph -->\n<p>A pesar de la revocaci\u00f3n de la sanci\u00f3n, <a href=\"https:\/\/www.state.gov\/revocation-of-the-terrorist-designations-of-ansarallah\/\" target=\"_blank\" rel=\"noreferrer noopener\">Estados Unidos advirti\u00f3<\/a> que se mantiene atento de <em>\u201clas acciones malignas y la agresi\u00f3n de Ansarallah, incluida la toma de control de grandes \u00e1reas de Yemen por la fuerza, el ataque a socios estadounidenses en el Golfo, el secuestro y tortura de ciudadanos de Estados Unidos y muchos de nuestros aliados, desviando la ayuda humanitaria y reprimiendo brutalmente a los yemen\u00edes en las zonas que controlan\u201d<\/em>.<\/p>\n<!-- \/wp:paragraph -->\n\n<!-- wp:paragraph -->\n<p>La medida contempla solo la remoci\u00f3n de la lista negra del grupo terrorista. Sin embargo, los l\u00edderes de Ansarallah (Abdul Malik al-Houthi, Abd al-Khaliq Badr al-Din al-Houthi y Abdullah Yahya al-Hakim) siguen sancionados actos que amenazan la paz, la seguridad o la estabilidad de Yemen. <em>\u201cContinuaremos monitoreando de cerca las actividades de Ansarallah y sus l\u00edderes, y estamos identificando activamente objetivos adicionales para la designaci\u00f3n\u201d<\/em>, indic\u00f3 el canciller estadounidense.<\/p>\n<!-- \/wp:paragraph -->","_et_gb_content_width":"","footnotes":""},"categories":[218],"tags":[17,419,420,332,418],"featured_image_src":"https:\/\/pluscomply.com\/wp-content\/uploads\/2021\/02\/Yemen-Army.jpg","blog_images":{"medium":"https:\/\/pluscomply.com\/wp-content\/uploads\/2021\/02\/Yemen-Army-300x200.jpg","large":"https:\/\/pluscomply.com\/wp-content\/uploads\/2021\/02\/Yemen-Army.jpg"},"ams_acf":[],"yoast_head":"<!-- This site is optimized with the Yoast SEO plugin v20.0 - https:\/\/yoast.com\/wordpress\/plugins\/seo\/ -->\n<title>Estados Unidos Revoca Sanci\u00f3n Contra Grupo Terrorista<\/title>\n<meta name=\"description\" content=\"El gobierno de Estados Unidos revoc\u00f3 la designaci\u00f3n del grupo Ansarallah, que hab\u00eda sido catalogado como Organizaci\u00f3n Terrorista 28 d\u00edas antes.\" \/>\n<meta name=\"robots\" content=\"index, follow, max-snippet:-1, max-image-preview:large, max-video-preview:-1\" \/>\n<link rel=\"canonical\" href=\"https:\/\/pluscomply.com\/?p=13914\" \/>\n<meta property=\"og:locale\" content=\"es_ES\" \/>\n<meta property=\"og:type\" content=\"article\" \/>\n<meta property=\"og:title\" content=\"Estados Unidos Revoca Sanci\u00f3n Contra Grupo Terrorista\" \/>\n<meta property=\"og:description\" content=\"El gobierno de Estados Unidos revoc\u00f3 la designaci\u00f3n del grupo Ansarallah, que hab\u00eda sido catalogado como Organizaci\u00f3n Terrorista 28 d\u00edas antes.\" \/>\n<meta property=\"og:url\" content=\"https:\/\/pluscomply.com\/?p=13914\" \/>\n<meta property=\"og:site_name\" content=\"Plus Comply\" \/>\n<meta property=\"article:publisher\" content=\"https:\/\/www.facebook.com\/pluscomplylive\" \/>\n<meta property=\"article:published_time\" content=\"2021-02-16T20:17:42+00:00\" \/>\n<meta property=\"article:modified_time\" content=\"2021-02-16T21:20:26+00:00\" \/>\n<meta property=\"og:image\" content=\"https:\/\/pluscomply.com\/wp-content\/uploads\/2021\/02\/Yemen-Army.jpg\" \/>\n\t<meta property=\"og:image:width\" content=\"750\" \/>\n\t<meta property=\"og:image:height\" content=\"500\" \/>\n\t<meta property=\"og:image:type\" content=\"image\/jpeg\" \/>\n<meta name=\"author\" content=\"Juan Alejandro Baptista\" \/>\n<meta name=\"twitter:card\" content=\"summary_large_image\" \/>\n<meta name=\"twitter:creator\" content=\"@pluscomplylive\" \/>\n<meta name=\"twitter:site\" content=\"@pluscomplylive\" \/>\n<meta name=\"twitter:label1\" content=\"Escrito por\" \/>\n\t<meta name=\"twitter:data1\" content=\"Juan Alejandro Baptista\" \/>\n\t<meta name=\"twitter:label2\" content=\"Tiempo de lectura\" \/>\n\t<meta name=\"twitter:data2\" content=\"2 minutos\" \/>\n<script type=\"application\/ld+json\" class=\"yoast-schema-graph\">{\"@context\":\"https:\/\/schema.org\",\"@graph\":[{\"@type\":\"WebPage\",\"@id\":\"https:\/\/pluscomply.com\/?p=13914\",\"url\":\"https:\/\/pluscomply.com\/?p=13914\",\"name\":\"Estados Unidos Revoca Sanci\u00f3n Contra Grupo Terrorista\",\"isPartOf\":{\"@id\":\"https:\/\/pluscomply.com\/#website\"},\"datePublished\":\"2021-02-16T20:17:42+00:00\",\"dateModified\":\"2021-02-16T21:20:26+00:00\",\"author\":{\"@id\":\"https:\/\/pluscomply.com\/#\/schema\/person\/a683d196cc0577b37b78e8a83db63324\"},\"description\":\"El gobierno de Estados Unidos revoc\u00f3 la designaci\u00f3n del grupo Ansarallah, que hab\u00eda sido catalogado como Organizaci\u00f3n Terrorista 28 d\u00edas antes.\",\"breadcrumb\":{\"@id\":\"https:\/\/pluscomply.com\/?p=13914#breadcrumb\"},\"inLanguage\":\"es\",\"potentialAction\":[{\"@type\":\"ReadAction\",\"target\":[\"https:\/\/pluscomply.com\/?p=13914\"]}]},{\"@type\":\"BreadcrumbList\",\"@id\":\"https:\/\/pluscomply.com\/?p=13914#breadcrumb\",\"itemListElement\":[{\"@type\":\"ListItem\",\"position\":1,\"name\":\"Portada\",\"item\":\"https:\/\/pluscomply.com\/\"},{\"@type\":\"ListItem\",\"position\":2,\"name\":\"Estados Unidos Revoca Sanci\u00f3n Contra Grupo Terrorista por Razones Humanitarias\"}]},{\"@type\":\"WebSite\",\"@id\":\"https:\/\/pluscomply.com\/#website\",\"url\":\"https:\/\/pluscomply.com\/\",\"name\":\"Plus Comply\",\"description\":\"Capacitaci\u00f3n y Servicios en Compliance\",\"potentialAction\":[{\"@type\":\"SearchAction\",\"target\":{\"@type\":\"EntryPoint\",\"urlTemplate\":\"https:\/\/pluscomply.com\/?s={search_term_string}\"},\"query-input\":\"required name=search_term_string\"}],\"inLanguage\":\"es\"},{\"@type\":\"Person\",\"@id\":\"https:\/\/pluscomply.com\/#\/schema\/person\/a683d196cc0577b37b78e8a83db63324\",\"name\":\"Juan Alejandro Baptista\",\"image\":{\"@type\":\"ImageObject\",\"inLanguage\":\"es\",\"@id\":\"https:\/\/pluscomply.com\/#\/schema\/person\/image\/\",\"url\":\"https:\/\/secure.gravatar.com\/avatar\/183b75fe4fa996821d73a2345a31c4fd?s=96&d=mm&r=g\",\"contentUrl\":\"https:\/\/secure.gravatar.com\/avatar\/183b75fe4fa996821d73a2345a31c4fd?s=96&d=mm&r=g\",\"caption\":\"Juan Alejandro Baptista\"}}]}<\/script>\n<!-- \/ Yoast SEO plugin. -->","yoast_head_json":{"title":"Estados Unidos Revoca Sanci\u00f3n Contra Grupo Terrorista","description":"El gobierno de Estados Unidos revoc\u00f3 la designaci\u00f3n del grupo Ansarallah, que hab\u00eda sido catalogado como Organizaci\u00f3n Terrorista 28 d\u00edas antes.","robots":{"index":"index","follow":"follow","max-snippet":"max-snippet:-1","max-image-preview":"max-image-preview:large","max-video-preview":"max-video-preview:-1"},"canonical":"https:\/\/pluscomply.com\/?p=13914","og_locale":"es_ES","og_type":"article","og_title":"Estados Unidos Revoca Sanci\u00f3n Contra Grupo Terrorista","og_description":"El gobierno de Estados Unidos revoc\u00f3 la designaci\u00f3n del grupo Ansarallah, que hab\u00eda sido catalogado como Organizaci\u00f3n Terrorista 28 d\u00edas antes.","og_url":"https:\/\/pluscomply.com\/?p=13914","og_site_name":"Plus Comply","article_publisher":"https:\/\/www.facebook.com\/pluscomplylive","article_published_time":"2021-02-16T20:17:42+00:00","article_modified_time":"2021-02-16T21:20:26+00:00","og_image":[{"width":750,"height":500,"url":"https:\/\/pluscomply.com\/wp-content\/uploads\/2021\/02\/Yemen-Army.jpg","type":"image\/jpeg"}],"author":"Juan Alejandro Baptista","twitter_card":"summary_large_image","twitter_creator":"@pluscomplylive","twitter_site":"@pluscomplylive","twitter_misc":{"Escrito por":"Juan Alejandro Baptista","Tiempo de lectura":"2 minutos"},"schema":{"@context":"https:\/\/schema.org","@graph":[{"@type":"WebPage","@id":"https:\/\/pluscomply.com\/?p=13914","url":"https:\/\/pluscomply.com\/?p=13914","name":"Estados Unidos Revoca Sanci\u00f3n Contra Grupo Terrorista","isPartOf":{"@id":"https:\/\/pluscomply.com\/#website"},"datePublished":"2021-02-16T20:17:42+00:00","dateModified":"2021-02-16T21:20:26+00:00","author":{"@id":"https:\/\/pluscomply.com\/#\/schema\/person\/a683d196cc0577b37b78e8a83db63324"},"description":"El gobierno de Estados Unidos revoc\u00f3 la designaci\u00f3n del grupo Ansarallah, que hab\u00eda sido catalogado como Organizaci\u00f3n Terrorista 28 d\u00edas antes.","breadcrumb":{"@id":"https:\/\/pluscomply.com\/?p=13914#breadcrumb"},"inLanguage":"es","potentialAction":[{"@type":"ReadAction","target":["https:\/\/pluscomply.com\/?p=13914"]}]},{"@type":"BreadcrumbList","@id":"https:\/\/pluscomply.com\/?p=13914#breadcrumb","itemListElement":[{"@type":"ListItem","position":1,"name":"Portada","item":"https:\/\/pluscomply.com\/"},{"@type":"ListItem","position":2,"name":"Estados Unidos Revoca Sanci\u00f3n Contra Grupo Terrorista por Razones Humanitarias"}]},{"@type":"WebSite","@id":"https:\/\/pluscomply.com\/#website","url":"https:\/\/pluscomply.com\/","name":"Plus Comply","description":"Capacitaci\u00f3n y Servicios en Compliance","potentialAction":[{"@type":"SearchAction","target":{"@type":"EntryPoint","urlTemplate":"https:\/\/pluscomply.com\/?s={search_term_string}"},"query-input":"required name=search_term_string"}],"inLanguage":"es"},{"@type":"Person","@id":"https:\/\/pluscomply.com\/#\/schema\/person\/a683d196cc0577b37b78e8a83db63324","name":"Juan Alejandro Baptista","image":{"@type":"ImageObject","inLanguage":"es","@id":"https:\/\/pluscomply.com\/#\/schema\/person\/image\/","url":"https:\/\/secure.gravatar.com\/avatar\/183b75fe4fa996821d73a2345a31c4fd?s=96&d=mm&r=g","contentUrl":"https:\/\/secure.gravatar.com\/avatar\/183b75fe4fa996821d73a2345a31c4fd?s=96&d=mm&r=g","caption":"Juan Alejandro Baptista"}}]}},"_links":{"self":[{"href":"https:\/\/pluscomply.com\/index.php?rest_route=\/wp\/v2\/posts\/13914"}],"collection":[{"href":"https:\/\/pluscomply.com\/index.php?rest_route=\/wp\/v2\/posts"}],"about":[{"href":"https:\/\/pluscomply.com\/index.php?rest_route=\/wp\/v2\/types\/post"}],"author":[{"embeddable":true,"href":"https:\/\/pluscomply.com\/index.php?rest_route=\/wp\/v2\/users\/860"}],"replies":[{"embeddable":true,"href":"https:\/\/pluscomply.com\/index.php?rest_route=%2Fwp%2Fv2%2Fcomments&post=13914"}],"version-history":[{"count":4,"href":"https:\/\/pluscomply.com\/index.php?rest_route=\/wp\/v2\/posts\/13914\/revisions"}],"predecessor-version":[{"id":13921,"href":"https:\/\/pluscomply.com\/index.php?rest_route=\/wp\/v2\/posts\/13914\/revisions\/13921"}],"wp:featuredmedia":[{"embeddable":true,"href":"https:\/\/pluscomply.com\/index.php?rest_route=\/wp\/v2\/media\/13915"}],"wp:attachment":[{"href":"https:\/\/pluscomply.com\/index.php?rest_route=%2Fwp%2Fv2%2Fmedia&parent=13914"}],"wp:term":[{"taxonomy":"category","embeddable":true,"href":"https:\/\/pluscomply.com\/index.php?rest_route=%2Fwp%2Fv2%2Fcategories&post=13914"},{"taxonomy":"post_tag","embeddable":true,"href":"https:\/\/pluscomply.com\/index.php?rest_route=%2Fwp%2Fv2%2Ftags&post=13914"}],"curies":[{"name":"wp","href":"https:\/\/api.w.org\/{rel}","templated":true}]}}