{"id":655,"date":"2014-08-13T12:24:57","date_gmt":"2014-08-13T12:24:57","guid":{"rendered":"http:\/\/temp.lavadodinero.com\/?p=28"},"modified":"2021-03-10T21:06:44","modified_gmt":"2021-03-11T02:06:44","slug":"en-la-busqueda-de-un-periodismo-antilavado-constructivo","status":"publish","type":"post","link":"https:\/\/pluscomply.com\/?p=655","title":{"rendered":"En la b\u00fasqueda de un periodismo antilavado \u201cconstructivo\u201d"},"content":{"rendered":"\n<p>Por Juan Alejandro Baptista.<\/p>\n\n\n\n<div class=\"wp-block-image\"><figure class=\"alignleft size-large\"><img loading=\"lazy\" decoding=\"async\" width=\"100\" height=\"117\" src=\"https:\/\/pluscomply.com\/wp-content\/uploads\/2013\/09\/JAB3.jpg\" alt=\"\" class=\"wp-image-13997\"\/><\/figure><\/div>\n\n\n\n<p class=\"has-text-align-left\">El 20 de agosto tendr\u00e9 la oportunidad de moderar una sesi\u00f3n con diversos periodistas que dar\u00e1 inici\u00f3 al <strong>XVIII Congreso Hemisf\u00e9rico de Prevenci\u00f3n del Lavado de Dinero y el Combate al Periodismo<\/strong> en la Ciudad de Panam\u00e1. Es interesante ver como cada vez cobra m\u00e1s importancia en el contexto latinoamericano la delicada relaci\u00f3n que mantienen los medios de comunicaci\u00f3n social y el sector antilavado.<\/p>\n\n\n\n<p>Ya en algunas conferencias internacionales previas realizadas en Uruguay y Argentina se ha abordado este tema, y en Lavadodinero.com hemos sido pioneros desde hace varios a\u00f1os con la producci\u00f3n de seminarios, gu\u00edas y contenidos editoriales sobre esta delicada materia. Sin embargo, en esta ocasi\u00f3n los organizadores del congreso paname\u00f1o han creado un esquema original, en el cual mostraremos c\u00f3mo la labor de los medios de comunicaci\u00f3n es fundamental para el sector antilavado y c\u00f3mo, a su vez, puede ser muy perjudicial para el mismo si no se realiza un periodismo serio.<\/p>\n\n\n\n<p>La situaci\u00f3n ser\u00e1 revisada y analizada por un distinguido grupo de periodistas activos en Panam\u00e1, representantes de diversos medios y de varios sectores de la comunicaci\u00f3n social. La idea es identificar caminos que nos permitan lograr una mejor convergencia de la labor period\u00edstica en relaci\u00f3n a la labor de prevenci\u00f3n del lavado y los delitos financieros, para evitar que los medios informativos sean perjudiciales para el sector antilavado y, por el contrario, lo impulsen y fortalezcan en beneficio de la sociedad.<\/p>\n","protected":false},"excerpt":{"rendered":"<p>Por Juan Alejandro Baptista. El 20 de agosto tendr\u00e9 la oportunidad de moderar una sesi\u00f3n con diversos periodistas que dar\u00e1 [&hellip;]<\/p>\n","protected":false},"author":10,"featured_media":0,"comment_status":"open","ping_status":"open","sticky":false,"template":"","format":"standard","meta":{"_et_pb_use_builder":"","_et_pb_old_content":"","_et_gb_content_width":"","footnotes":""},"categories":[385],"tags":[],"featured_image_src":"","blog_images":{"medium":"","large":""},"ams_acf":[],"yoast_head":"<!-- This site is optimized with the Yoast SEO plugin v20.0 - https:\/\/yoast.com\/wordpress\/plugins\/seo\/ -->\n<title>En la b\u00fasqueda de un periodismo antilavado \u201cconstructivo\u201d<\/title>\n<meta name=\"description\" content=\"Es interesante ver como cada vez cobra m\u00e1s importancia en el contexto latinoamericano la delicada relaci\u00f3n que mantienen los medios de comunicaci\u00f3n social y el sector antilavado.\" \/>\n<meta name=\"robots\" content=\"index, follow, max-snippet:-1, max-image-preview:large, max-video-preview:-1\" \/>\n<link rel=\"canonical\" href=\"https:\/\/pluscomply.com\/?p=655\" \/>\n<meta property=\"og:locale\" content=\"es_ES\" \/>\n<meta property=\"og:type\" content=\"article\" \/>\n<meta property=\"og:title\" content=\"En la b\u00fasqueda de un periodismo antilavado \u201cconstructivo\u201d\" \/>\n<meta property=\"og:description\" content=\"Es interesante ver como cada vez cobra m\u00e1s importancia en el contexto latinoamericano la delicada relaci\u00f3n que mantienen los medios de comunicaci\u00f3n social y el sector antilavado.\" \/>\n<meta property=\"og:url\" content=\"https:\/\/pluscomply.com\/?p=655\" \/>\n<meta property=\"og:site_name\" content=\"Plus Comply\" \/>\n<meta property=\"article:publisher\" content=\"https:\/\/www.facebook.com\/pluscomplylive\" \/>\n<meta property=\"article:published_time\" content=\"2014-08-13T12:24:57+00:00\" \/>\n<meta property=\"article:modified_time\" content=\"2021-03-11T02:06:44+00:00\" \/>\n<meta property=\"og:image\" content=\"https:\/\/pluscomply.com\/wp-content\/uploads\/2013\/09\/JAB3.jpg\" \/>\n<meta name=\"twitter:card\" content=\"summary_large_image\" \/>\n<meta name=\"twitter:creator\" content=\"@pluscomplylive\" \/>\n<meta name=\"twitter:site\" content=\"@pluscomplylive\" \/>\n<meta name=\"twitter:label1\" content=\"Escrito por\" \/>\n\t<meta name=\"twitter:data1\" content=\"\" \/>\n\t<meta name=\"twitter:label2\" content=\"Tiempo de lectura\" \/>\n\t<meta name=\"twitter:data2\" content=\"1 minuto\" \/>\n<script type=\"application\/ld+json\" class=\"yoast-schema-graph\">{\"@context\":\"https:\/\/schema.org\",\"@graph\":[{\"@type\":\"WebPage\",\"@id\":\"https:\/\/pluscomply.com\/?p=655\",\"url\":\"https:\/\/pluscomply.com\/?p=655\",\"name\":\"En la b\u00fasqueda de un periodismo antilavado \u201cconstructivo\u201d\",\"isPartOf\":{\"@id\":\"https:\/\/pluscomply.com\/#website\"},\"datePublished\":\"2014-08-13T12:24:57+00:00\",\"dateModified\":\"2021-03-11T02:06:44+00:00\",\"author\":{\"@id\":\"\"},\"description\":\"Es interesante ver como cada vez cobra m\u00e1s importancia en el contexto latinoamericano la delicada relaci\u00f3n que mantienen los medios de comunicaci\u00f3n social y el sector antilavado.\",\"breadcrumb\":{\"@id\":\"https:\/\/pluscomply.com\/?p=655#breadcrumb\"},\"inLanguage\":\"es\",\"potentialAction\":[{\"@type\":\"ReadAction\",\"target\":[\"https:\/\/pluscomply.com\/?p=655\"]}]},{\"@type\":\"BreadcrumbList\",\"@id\":\"https:\/\/pluscomply.com\/?p=655#breadcrumb\",\"itemListElement\":[{\"@type\":\"ListItem\",\"position\":1,\"name\":\"Portada\",\"item\":\"https:\/\/pluscomply.com\/\"},{\"@type\":\"ListItem\",\"position\":2,\"name\":\"En la b\u00fasqueda de un periodismo antilavado \u201cconstructivo\u201d\"}]},{\"@type\":\"WebSite\",\"@id\":\"https:\/\/pluscomply.com\/#website\",\"url\":\"https:\/\/pluscomply.com\/\",\"name\":\"Plus Comply\",\"description\":\"Capacitaci\u00f3n y Servicios en Compliance\",\"potentialAction\":[{\"@type\":\"SearchAction\",\"target\":{\"@type\":\"EntryPoint\",\"urlTemplate\":\"https:\/\/pluscomply.com\/?s={search_term_string}\"},\"query-input\":\"required name=search_term_string\"}],\"inLanguage\":\"es\"},{\"@type\":\"Person\",\"@id\":\"\"}]}<\/script>\n<!-- \/ Yoast SEO plugin. -->","yoast_head_json":{"title":"En la b\u00fasqueda de un periodismo antilavado \u201cconstructivo\u201d","description":"Es interesante ver como cada vez cobra m\u00e1s importancia en el contexto latinoamericano la delicada relaci\u00f3n que mantienen los medios de comunicaci\u00f3n social y el sector antilavado.","robots":{"index":"index","follow":"follow","max-snippet":"max-snippet:-1","max-image-preview":"max-image-preview:large","max-video-preview":"max-video-preview:-1"},"canonical":"https:\/\/pluscomply.com\/?p=655","og_locale":"es_ES","og_type":"article","og_title":"En la b\u00fasqueda de un periodismo antilavado \u201cconstructivo\u201d","og_description":"Es interesante ver como cada vez cobra m\u00e1s importancia en el contexto latinoamericano la delicada relaci\u00f3n que mantienen los medios de comunicaci\u00f3n social y el sector antilavado.","og_url":"https:\/\/pluscomply.com\/?p=655","og_site_name":"Plus Comply","article_publisher":"https:\/\/www.facebook.com\/pluscomplylive","article_published_time":"2014-08-13T12:24:57+00:00","article_modified_time":"2021-03-11T02:06:44+00:00","og_image":[{"url":"https:\/\/pluscomply.com\/wp-content\/uploads\/2013\/09\/JAB3.jpg"}],"twitter_card":"summary_large_image","twitter_creator":"@pluscomplylive","twitter_site":"@pluscomplylive","twitter_misc":{"Escrito por":"","Tiempo de lectura":"1 minuto"},"schema":{"@context":"https:\/\/schema.org","@graph":[{"@type":"WebPage","@id":"https:\/\/pluscomply.com\/?p=655","url":"https:\/\/pluscomply.com\/?p=655","name":"En la b\u00fasqueda de un periodismo antilavado \u201cconstructivo\u201d","isPartOf":{"@id":"https:\/\/pluscomply.com\/#website"},"datePublished":"2014-08-13T12:24:57+00:00","dateModified":"2021-03-11T02:06:44+00:00","author":{"@id":""},"description":"Es interesante ver como cada vez cobra m\u00e1s importancia en el contexto latinoamericano la delicada relaci\u00f3n que mantienen los medios de comunicaci\u00f3n social y el sector antilavado.","breadcrumb":{"@id":"https:\/\/pluscomply.com\/?p=655#breadcrumb"},"inLanguage":"es","potentialAction":[{"@type":"ReadAction","target":["https:\/\/pluscomply.com\/?p=655"]}]},{"@type":"BreadcrumbList","@id":"https:\/\/pluscomply.com\/?p=655#breadcrumb","itemListElement":[{"@type":"ListItem","position":1,"name":"Portada","item":"https:\/\/pluscomply.com\/"},{"@type":"ListItem","position":2,"name":"En la b\u00fasqueda de un periodismo antilavado \u201cconstructivo\u201d"}]},{"@type":"WebSite","@id":"https:\/\/pluscomply.com\/#website","url":"https:\/\/pluscomply.com\/","name":"Plus Comply","description":"Capacitaci\u00f3n y Servicios en Compliance","potentialAction":[{"@type":"SearchAction","target":{"@type":"EntryPoint","urlTemplate":"https:\/\/pluscomply.com\/?s={search_term_string}"},"query-input":"required name=search_term_string"}],"inLanguage":"es"},{"@type":"Person","@id":""}]}},"_links":{"self":[{"href":"https:\/\/pluscomply.com\/index.php?rest_route=\/wp\/v2\/posts\/655"}],"collection":[{"href":"https:\/\/pluscomply.com\/index.php?rest_route=\/wp\/v2\/posts"}],"about":[{"href":"https:\/\/pluscomply.com\/index.php?rest_route=\/wp\/v2\/types\/post"}],"author":[{"embeddable":true,"href":"https:\/\/pluscomply.com\/index.php?rest_route=\/wp\/v2\/users\/10"}],"replies":[{"embeddable":true,"href":"https:\/\/pluscomply.com\/index.php?rest_route=%2Fwp%2Fv2%2Fcomments&post=655"}],"version-history":[{"count":6,"href":"https:\/\/pluscomply.com\/index.php?rest_route=\/wp\/v2\/posts\/655\/revisions"}],"predecessor-version":[{"id":14009,"href":"https:\/\/pluscomply.com\/index.php?rest_route=\/wp\/v2\/posts\/655\/revisions\/14009"}],"wp:attachment":[{"href":"https:\/\/pluscomply.com\/index.php?rest_route=%2Fwp%2Fv2%2Fmedia&parent=655"}],"wp:term":[{"taxonomy":"category","embeddable":true,"href":"https:\/\/pluscomply.com\/index.php?rest_route=%2Fwp%2Fv2%2Fcategories&post=655"},{"taxonomy":"post_tag","embeddable":true,"href":"https:\/\/pluscomply.com\/index.php?rest_route=%2Fwp%2Fv2%2Ftags&post=655"}],"curies":[{"name":"wp","href":"https:\/\/api.w.org\/{rel}","templated":true}]}}