{"id":659,"date":"2015-03-12T16:20:43","date_gmt":"2015-03-12T16:20:43","guid":{"rendered":"http:\/\/temp.lavadodinero.com\/?p=33"},"modified":"2020-04-15T05:31:02","modified_gmt":"2020-04-15T05:31:02","slug":"con-quien-cuenta-el-ald-latinoamericano-con-sus-patriotas-empedernidos","status":"publish","type":"post","link":"https:\/\/pluscomply.com\/?p=659","title":{"rendered":"\u00bfCon qui\u00e9n cuenta el ALD latinoamericano? Con sus \u201cpatriotas empedernidos\u201d"},"content":{"rendered":"<p>Estoy seguro de que todos nos sentimos medianamente satisfechos cuando vemos que las cosas se est\u00e1n haciendo bien\u2026 o por lo menos cuando hay gente tratando de hacerlas bien. Este comentario lo hago partiendo de los esfuerzos que est\u00e1n adelantando dos naciones que enfrentan grandes desaf\u00edos: M\u00e9xico y Panam\u00e1.<\/p>\n<p>M\u00e9xico se ha convertido en la v\u00edctima m\u00e1s reciente del cancer\u00edgeno narcotr\u00e1fico. M\u00e9xico intenta aplicar un tratamiento intensivo que le permita a la econom\u00eda fortalecerse ante el contagioso coctel de virus encerrados en el concepto de \u201cdelitos financieros\u201d.<\/p>\n<p>Un grupo de profesionales de alto nivel&nbsp; \u2013tanto del sector p\u00fablico, como del sector privado- trabaja arduamente para una nueva regulaci\u00f3n que significar\u00e1 un reordenamiento de la estructura antilavado del pa\u00eds. Este proceso se inici\u00f3 ya hace varios a\u00f1os con la aprobaci\u00f3n de leyes y regulaciones, pero en este 2015 surgen figuras novedosas como la exigencia de una \u201cCertificaci\u00f3n ALD\u201d local para los profesionales de cumplimiento otorgada por la autoridad.<\/p>\n<p>Por su parte, Panam\u00e1 intenta \u2013y necesita- demostrar su voluntad de cambio. La comunidad internacional as\u00ed lo exige en esta econom\u00eda globalizada. El desaf\u00edo es desterrar definitivamente la percepci\u00f3n que puedan mantener algunos de que a\u00fan est\u00e1 vigente la \u201cPanam\u00e1 de Noriega\u201d, por eso se est\u00e1 cocinando un proyecto de ley que busca colocar al pa\u00eds a la par de los est\u00e1ndares internacionales en materia de antilavado y contra el financiamiento del terrorismo.<\/p>\n<p>Establecer controles sin perder competitividad no es una tarea f\u00e1cil para un pa\u00eds cuyos principales productos de exportaci\u00f3n son los servicios en \u00e1reas sensibles como el sector financiero y el comercio internacional. En los pr\u00f3ximos d\u00edas el proyecto de ley estar\u00e1 en la Asamblea Legislativa paname\u00f1a y la responsabilidad ya no estar\u00e1 en manos de los t\u00e9cnicos, sino de los pol\u00edticos (debo confesar que el solo pensarlo me inquieta).<\/p>\n<p>Lo importante es que estos primeros pasos demuestran algo vital: voluntad. Ambas naciones hacen un esfuerzo serio\u2026 y me consta no porque sean iniciativas adelantadas por las autoridades, sino porque conozco el compromiso, la seriedad, el profesionalismo y las capacidades de dos respetados expertos (s\u00e9 que hay otros muy honorables)&nbsp;involucrados en estos procesos: Julio Aguirre en Panam\u00e1 y Miguel Tenorio en M\u00e9xico, quienes adem\u00e1s de una gran m\u00edstica, son unos \u201cpatriotas empedernidos\u201d.<\/p>\n<p>Estoy seguro de que en cada pa\u00eds de nuestra regi\u00f3n hay esta rara estirpe de &#8220;patriotas empedernidos&#8221; dispuestos a mejorar m\u00e1s esta ut\u00f3pica lucha.<\/p>\n","protected":false},"excerpt":{"rendered":"<p>Estoy seguro de que todos nos sentimos medianamente satisfechos cuando vemos que las cosas se est\u00e1n haciendo bien\u2026 o por [&hellip;]<\/p>\n","protected":false},"author":10,"featured_media":0,"comment_status":"open","ping_status":"open","sticky":false,"template":"","format":"standard","meta":{"_et_pb_use_builder":"","_et_pb_old_content":"","_et_gb_content_width":"","footnotes":""},"categories":[385,1],"tags":[],"featured_image_src":"","blog_images":{"medium":"","large":""},"ams_acf":[],"yoast_head":"<!-- This site is optimized with the Yoast SEO plugin v20.0 - https:\/\/yoast.com\/wordpress\/plugins\/seo\/ -->\n<title>\u00bfCon qui\u00e9n cuenta el ALD latinoamericano? Con sus \u201cpatriotas empedernidos\u201d | Plus Comply<\/title>\n<meta name=\"description\" content=\"El equipo de Plus Comply puede ayudarte a implementar en s\u00f3lo d\u00edas un programa de formaci\u00f3n virtual para todo el personal, sin importar su ubicaci\u00f3n, sin invertir en desarrollo y con el soporte individualizado en espa\u00f1ol.\" \/>\n<meta name=\"robots\" content=\"index, follow, max-snippet:-1, max-image-preview:large, max-video-preview:-1\" \/>\n<link rel=\"canonical\" href=\"https:\/\/pluscomply.com\/?p=659\" \/>\n<meta property=\"og:locale\" content=\"es_ES\" \/>\n<meta property=\"og:type\" content=\"article\" \/>\n<meta property=\"og:title\" content=\"\u00bfCon qui\u00e9n cuenta el ALD latinoamericano? Con sus \u201cpatriotas empedernidos\u201d | Plus Comply\" \/>\n<meta property=\"og:description\" content=\"El equipo de Plus Comply puede ayudarte a implementar en s\u00f3lo d\u00edas un programa de formaci\u00f3n virtual para todo el personal, sin importar su ubicaci\u00f3n, sin invertir en desarrollo y con el soporte individualizado en espa\u00f1ol.\" \/>\n<meta property=\"og:url\" content=\"https:\/\/pluscomply.com\/?p=659\" \/>\n<meta property=\"og:site_name\" content=\"Plus Comply\" \/>\n<meta property=\"article:publisher\" content=\"https:\/\/www.facebook.com\/pluscomplylive\" \/>\n<meta property=\"article:published_time\" content=\"2015-03-12T16:20:43+00:00\" \/>\n<meta property=\"article:modified_time\" content=\"2020-04-15T05:31:02+00:00\" \/>\n<meta name=\"twitter:card\" content=\"summary_large_image\" \/>\n<meta name=\"twitter:creator\" content=\"@pluscomplylive\" \/>\n<meta name=\"twitter:site\" content=\"@pluscomplylive\" \/>\n<meta name=\"twitter:label1\" content=\"Escrito por\" \/>\n\t<meta name=\"twitter:data1\" content=\"\" \/>\n\t<meta name=\"twitter:label2\" content=\"Tiempo de lectura\" \/>\n\t<meta name=\"twitter:data2\" content=\"2 minutos\" \/>\n<script type=\"application\/ld+json\" class=\"yoast-schema-graph\">{\"@context\":\"https:\/\/schema.org\",\"@graph\":[{\"@type\":\"WebPage\",\"@id\":\"https:\/\/pluscomply.com\/?p=659\",\"url\":\"https:\/\/pluscomply.com\/?p=659\",\"name\":\"\u00bfCon qui\u00e9n cuenta el ALD latinoamericano? Con sus \u201cpatriotas empedernidos\u201d | Plus Comply\",\"isPartOf\":{\"@id\":\"https:\/\/pluscomply.com\/#website\"},\"datePublished\":\"2015-03-12T16:20:43+00:00\",\"dateModified\":\"2020-04-15T05:31:02+00:00\",\"author\":{\"@id\":\"\"},\"description\":\"El equipo de Plus Comply puede ayudarte a implementar en s\u00f3lo d\u00edas un programa de formaci\u00f3n virtual para todo el personal, sin importar su ubicaci\u00f3n, sin invertir en desarrollo y con el soporte individualizado en espa\u00f1ol.\",\"breadcrumb\":{\"@id\":\"https:\/\/pluscomply.com\/?p=659#breadcrumb\"},\"inLanguage\":\"es\",\"potentialAction\":[{\"@type\":\"ReadAction\",\"target\":[\"https:\/\/pluscomply.com\/?p=659\"]}]},{\"@type\":\"BreadcrumbList\",\"@id\":\"https:\/\/pluscomply.com\/?p=659#breadcrumb\",\"itemListElement\":[{\"@type\":\"ListItem\",\"position\":1,\"name\":\"Portada\",\"item\":\"https:\/\/pluscomply.com\/\"},{\"@type\":\"ListItem\",\"position\":2,\"name\":\"\u00bfCon qui\u00e9n cuenta el ALD latinoamericano? Con sus \u201cpatriotas empedernidos\u201d\"}]},{\"@type\":\"WebSite\",\"@id\":\"https:\/\/pluscomply.com\/#website\",\"url\":\"https:\/\/pluscomply.com\/\",\"name\":\"Plus Comply\",\"description\":\"Capacitaci\u00f3n y Servicios en Compliance\",\"potentialAction\":[{\"@type\":\"SearchAction\",\"target\":{\"@type\":\"EntryPoint\",\"urlTemplate\":\"https:\/\/pluscomply.com\/?s={search_term_string}\"},\"query-input\":\"required name=search_term_string\"}],\"inLanguage\":\"es\"},{\"@type\":\"Person\",\"@id\":\"\"}]}<\/script>\n<!-- \/ Yoast SEO plugin. -->","yoast_head_json":{"title":"\u00bfCon qui\u00e9n cuenta el ALD latinoamericano? Con sus \u201cpatriotas empedernidos\u201d | Plus Comply","description":"El equipo de Plus Comply puede ayudarte a implementar en s\u00f3lo d\u00edas un programa de formaci\u00f3n virtual para todo el personal, sin importar su ubicaci\u00f3n, sin invertir en desarrollo y con el soporte individualizado en espa\u00f1ol.","robots":{"index":"index","follow":"follow","max-snippet":"max-snippet:-1","max-image-preview":"max-image-preview:large","max-video-preview":"max-video-preview:-1"},"canonical":"https:\/\/pluscomply.com\/?p=659","og_locale":"es_ES","og_type":"article","og_title":"\u00bfCon qui\u00e9n cuenta el ALD latinoamericano? Con sus \u201cpatriotas empedernidos\u201d | Plus Comply","og_description":"El equipo de Plus Comply puede ayudarte a implementar en s\u00f3lo d\u00edas un programa de formaci\u00f3n virtual para todo el personal, sin importar su ubicaci\u00f3n, sin invertir en desarrollo y con el soporte individualizado en espa\u00f1ol.","og_url":"https:\/\/pluscomply.com\/?p=659","og_site_name":"Plus Comply","article_publisher":"https:\/\/www.facebook.com\/pluscomplylive","article_published_time":"2015-03-12T16:20:43+00:00","article_modified_time":"2020-04-15T05:31:02+00:00","twitter_card":"summary_large_image","twitter_creator":"@pluscomplylive","twitter_site":"@pluscomplylive","twitter_misc":{"Escrito por":"","Tiempo de lectura":"2 minutos"},"schema":{"@context":"https:\/\/schema.org","@graph":[{"@type":"WebPage","@id":"https:\/\/pluscomply.com\/?p=659","url":"https:\/\/pluscomply.com\/?p=659","name":"\u00bfCon qui\u00e9n cuenta el ALD latinoamericano? Con sus \u201cpatriotas empedernidos\u201d | Plus Comply","isPartOf":{"@id":"https:\/\/pluscomply.com\/#website"},"datePublished":"2015-03-12T16:20:43+00:00","dateModified":"2020-04-15T05:31:02+00:00","author":{"@id":""},"description":"El equipo de Plus Comply puede ayudarte a implementar en s\u00f3lo d\u00edas un programa de formaci\u00f3n virtual para todo el personal, sin importar su ubicaci\u00f3n, sin invertir en desarrollo y con el soporte individualizado en espa\u00f1ol.","breadcrumb":{"@id":"https:\/\/pluscomply.com\/?p=659#breadcrumb"},"inLanguage":"es","potentialAction":[{"@type":"ReadAction","target":["https:\/\/pluscomply.com\/?p=659"]}]},{"@type":"BreadcrumbList","@id":"https:\/\/pluscomply.com\/?p=659#breadcrumb","itemListElement":[{"@type":"ListItem","position":1,"name":"Portada","item":"https:\/\/pluscomply.com\/"},{"@type":"ListItem","position":2,"name":"\u00bfCon qui\u00e9n cuenta el ALD latinoamericano? Con sus \u201cpatriotas empedernidos\u201d"}]},{"@type":"WebSite","@id":"https:\/\/pluscomply.com\/#website","url":"https:\/\/pluscomply.com\/","name":"Plus Comply","description":"Capacitaci\u00f3n y Servicios en Compliance","potentialAction":[{"@type":"SearchAction","target":{"@type":"EntryPoint","urlTemplate":"https:\/\/pluscomply.com\/?s={search_term_string}"},"query-input":"required name=search_term_string"}],"inLanguage":"es"},{"@type":"Person","@id":""}]}},"_links":{"self":[{"href":"https:\/\/pluscomply.com\/index.php?rest_route=\/wp\/v2\/posts\/659"}],"collection":[{"href":"https:\/\/pluscomply.com\/index.php?rest_route=\/wp\/v2\/posts"}],"about":[{"href":"https:\/\/pluscomply.com\/index.php?rest_route=\/wp\/v2\/types\/post"}],"author":[{"embeddable":true,"href":"https:\/\/pluscomply.com\/index.php?rest_route=\/wp\/v2\/users\/10"}],"replies":[{"embeddable":true,"href":"https:\/\/pluscomply.com\/index.php?rest_route=%2Fwp%2Fv2%2Fcomments&post=659"}],"version-history":[{"count":1,"href":"https:\/\/pluscomply.com\/index.php?rest_route=\/wp\/v2\/posts\/659\/revisions"}],"predecessor-version":[{"id":1804,"href":"https:\/\/pluscomply.com\/index.php?rest_route=\/wp\/v2\/posts\/659\/revisions\/1804"}],"wp:attachment":[{"href":"https:\/\/pluscomply.com\/index.php?rest_route=%2Fwp%2Fv2%2Fmedia&parent=659"}],"wp:term":[{"taxonomy":"category","embeddable":true,"href":"https:\/\/pluscomply.com\/index.php?rest_route=%2Fwp%2Fv2%2Fcategories&post=659"},{"taxonomy":"post_tag","embeddable":true,"href":"https:\/\/pluscomply.com\/index.php?rest_route=%2Fwp%2Fv2%2Ftags&post=659"}],"curies":[{"name":"wp","href":"https:\/\/api.w.org\/{rel}","templated":true}]}}